{"id":14143,"date":"2023-10-16T21:34:07","date_gmt":"2023-10-16T19:34:07","guid":{"rendered":"\/?p=14077"},"modified":"2024-01-19T14:08:26","modified_gmt":"2024-01-19T13:08:26","slug":"targo-2500e-zero-premierevisning-pa-oktoberdager-2023","status":"publish","type":"post","link":"https:\/\/fredheim-maskin.no\/sv\/targo-2500e-zero-premierevisning-pa-oktoberdager-2023\/forsideartikler\/","title":{"rendered":"Targo 2500E ZERO premi\u00e4rvisning p\u00e5 Oktoberdagar 2023"},"content":{"rendered":"<p>Under Oktoberdager viser vi verdenspremiere Neuenhauser Targo 2500E.<br \/>\nTargo 2500E Zero er hel-elektrisk sakteg\u00e5ende grovkvern for stubber, r\u00f8tter, trevirke, hageavfall, rivningsavfall, n\u00e6ringsavfall m.m.<\/p>\n<p>0-utslippsmaskin der nettstr\u00f8m er tilgjengelig.<br \/>\nHel-elektrisk drift gir lav energikostnad, minimalt vedlikehold og brannfare er ogs\u00e5 betydelig redusert pga. ingen varmekomponenter eller diesel om bord.<br \/>\nBrannfare er stort risikomoment ved flis, trevirke og restavfall. Den hel-elektriske drivlinjen krever ingen filter \/oljeskift eller service f\u00f8r ved 3\u00e5r\/5.000timer.<br \/>\nMaskinens levetid forlenges n\u00e5r motor som svakeste punkt er fjernet.<\/p>\n<p>Ved genset drift<br \/>\nMaskinen, sikteverk og stacker kan driftes fra en motorpakke (genset) for lavest mulig dieselforbruk og servicekostnad.<br \/>\nDer 2-3 maskiner driftes fra en motorpakke reduseres motor\/drivstoff kostnadene betraktelig<br \/>\nDet er samme genset for Neuenhauser serien som \u00f8vrige elektriske knuse og sikteverk fra Fredheim maskin AS.<\/p>\n<p>Riggtid<br \/>\nSom belteg\u00e5ende maskin er den lettflyttet, kompakt og riggtiden er kun 10min.<\/p>\n<p>\u00abSmart drive\u00bb<br \/>\nHel elektrisk drift gir h\u00f8yest mulig energieffektivitet, h\u00f8yest mulig dreiemoment og full revers mulighet via automatikk eller fjernkontroll.<\/p>\n<p>Data:<br \/>\n\u2022 Matertraktvolum: 4m3 \/ 6m3<br \/>\n\u2022 Lastebredde 3.200mm (hjullaster eller gravemaskin)<br \/>\n\u2022 Energibesparende direkte elektrisk drift av kvernakselen<br \/>\n\u2022 Kvernaksel lengde \/ diameter: 2.500mm \/ 600mm<br \/>\n\u2022 Kvernakselen kan reverseres under drift (automatisk eller ved fjernkontroll)<br \/>\n\u2022 Motkam med auto\u00e5pning ved uknuselig materiale<br \/>\n\u2022 Transport\u00f8r: B\u00e5ndbredde 1.200mm med utlastingsh\u00f8yde p\u00e5 4,5 meter<br \/>\n\u2022 Magnet: for metallutskilling<br \/>\n\u2022 Kapasitet: 35-75tonn\/time (avhengig av spalt og materiale)<br \/>\n\u2022 Drift: ekstern str\u00f8m (nettstr\u00f8m eller genset)<br \/>\n\u2022 Hel-elektrisk funksjoner under drift (kvernaksel, transportb\u00e5nd)<br \/>\n\u2022 GSM Telematikk overv\u00e5kning<br \/>\n\u2022 Belteg\u00e5ende, hjulg\u00e5ende (VBG) eller stasjon\u00e6r<br \/>\n\u2022 Vises OKTOBERDAGER 2023<\/p>\n<p><iframe loading=\"lazy\" src=\"\/\/www.youtube.com\/embed\/WQbgOeAS08M?si=rWPHDhCKGRpQprVz\" width=\"560\" height=\"314\" allowfullscreen=\"allowfullscreen\"><\/iframe><\/p>\n<p>&nbsp;<\/p>","protected":false},"excerpt":{"rendered":"<p>Under Oktoberdager viser vi verdenspremiere Neuenhauser Targo 2500E. Targo 2500E Zero er hel-elektrisk sakteg\u00e5ende grovkvern for stubber, r\u00f8tter, trevirke, hageavfall, rivningsavfall, n\u00e6ringsavfall m.m. 0-utslippsmaskin der nettstr\u00f8m er tilgjengelig. Hel-elektrisk drift [&hellip;]<\/p>\n","protected":false},"author":6,"featured_media":2266,"comment_status":"open","ping_status":"closed","sticky":false,"template":"","format":"standard","meta":{"_editorskit_title_hidden":false,"_editorskit_reading_time":0,"_editorskit_is_block_options_detached":false,"_editorskit_block_options_position":"{}","inline_featured_image":false,"editor_plus_copied_stylings":"{}","footnotes":""},"categories":[72,39,21],"tags":[],"class_list":["post-14143","post","type-post","status-publish","format-standard","has-post-thumbnail","hentry","category-firmanyheter","category-forside","category-forsideartikler"],"featured_image_src":"https:\/\/fredheim-maskin.no\/wp-content\/uploads\/2023\/11\/Targo-2500E-ZERO-1.jpg","author_info":{"display_name":"Gerjan W","author_link":"https:\/\/fredheim-maskin.no\/sv\/author\/gerjan\/"},"yoast_head":"<!-- This site is optimized with the Yoast SEO plugin v27.4 - https:\/\/yoast.com\/product\/yoast-seo-wordpress\/ -->\n<title>Targo 2500E ZERO premierevisning p\u00e5 Oktoberdager 2023 - Fredheim Maskin<\/title>\n<meta name=\"robots\" content=\"index, follow, max-snippet:-1, max-image-preview:large, max-video-preview:-1\" \/>\n<link rel=\"canonical\" href=\"https:\/\/fredheim-maskin.no\/sv\/targo-2500e-zero-premierevisning-pa-oktoberdager-2023\/forsideartikler\/\" \/>\n<meta property=\"og:locale\" content=\"sv_SE\" \/>\n<meta property=\"og:type\" content=\"article\" \/>\n<meta property=\"og:title\" content=\"Targo 2500E ZERO premierevisning p\u00e5 Oktoberdager 2023 - Fredheim Maskin\" \/>\n<meta property=\"og:description\" content=\"Under Oktoberdager viser vi verdenspremiere Neuenhauser Targo 2500E. Targo 2500E Zero er hel-elektrisk sakteg\u00e5ende grovkvern for stubber, r\u00f8tter, trevirke, hageavfall, rivningsavfall, n\u00e6ringsavfall m.m. 0-utslippsmaskin der nettstr\u00f8m er tilgjengelig. Hel-elektrisk drift [&hellip;]\" \/>\n<meta property=\"og:url\" content=\"https:\/\/fredheim-maskin.no\/sv\/targo-2500e-zero-premierevisning-pa-oktoberdager-2023\/forsideartikler\/\" \/>\n<meta property=\"og:site_name\" content=\"Fredheim Maskin\" \/>\n<meta property=\"article:published_time\" content=\"2023-10-16T19:34:07+00:00\" \/>\n<meta property=\"article:modified_time\" content=\"2024-01-19T13:08:26+00:00\" \/>\n<meta property=\"og:image\" content=\"https:\/\/fredheim-maskin.no\/wp-content\/uploads\/2023\/11\/Targo-2500E-ZERO-1.jpg\" \/>\n\t<meta property=\"og:image:width\" content=\"1024\" \/>\n\t<meta property=\"og:image:height\" content=\"682\" \/>\n\t<meta property=\"og:image:type\" content=\"image\/jpeg\" \/>\n<meta name=\"author\" content=\"Gerjan W\" \/>\n<meta name=\"twitter:card\" content=\"summary_large_image\" \/>\n<meta name=\"twitter:label1\" content=\"Skriven av\" \/>\n\t<meta name=\"twitter:data1\" content=\"Gerjan W\" \/>\n\t<meta name=\"twitter:label2\" content=\"Ber\u00e4knad l\u00e4stid\" \/>\n\t<meta name=\"twitter:data2\" content=\"1 minut\" \/>\n<script type=\"application\/ld+json\" class=\"yoast-schema-graph\">{\"@context\":\"https:\\\/\\\/schema.org\",\"@graph\":[{\"@type\":\"Article\",\"@id\":\"https:\\\/\\\/fredheim-maskin.no\\\/targo-2500e-zero-premierevisning-pa-oktoberdager-2023\\\/forsideartikler\\\/#article\",\"isPartOf\":{\"@id\":\"https:\\\/\\\/fredheim-maskin.no\\\/targo-2500e-zero-premierevisning-pa-oktoberdager-2023\\\/forsideartikler\\\/\"},\"author\":{\"name\":\"Gerjan W\",\"@id\":\"https:\\\/\\\/fredheim-maskin.no\\\/#\\\/schema\\\/person\\\/4abb0c68acb512799769eaf80d997fca\"},\"headline\":\"Targo 2500E ZERO premierevisning p\u00e5 Oktoberdager 2023\",\"datePublished\":\"2023-10-16T19:34:07+00:00\",\"dateModified\":\"2024-01-19T13:08:26+00:00\",\"mainEntityOfPage\":{\"@id\":\"https:\\\/\\\/fredheim-maskin.no\\\/targo-2500e-zero-premierevisning-pa-oktoberdager-2023\\\/forsideartikler\\\/\"},\"wordCount\":265,\"commentCount\":0,\"image\":{\"@id\":\"https:\\\/\\\/fredheim-maskin.no\\\/targo-2500e-zero-premierevisning-pa-oktoberdager-2023\\\/forsideartikler\\\/#primaryimage\"},\"thumbnailUrl\":\"https:\\\/\\\/fredheim-maskin.no\\\/wp-content\\\/uploads\\\/2023\\\/11\\\/Targo-2500E-ZERO-1.jpg\",\"articleSection\":[\"Firmanyheter\",\"Forside\",\"Forsideartikler\"],\"inLanguage\":\"sv-SE\",\"potentialAction\":[{\"@type\":\"CommentAction\",\"name\":\"Comment\",\"target\":[\"https:\\\/\\\/fredheim-maskin.no\\\/targo-2500e-zero-premierevisning-pa-oktoberdager-2023\\\/forsideartikler\\\/#respond\"]}]},{\"@type\":\"WebPage\",\"@id\":\"https:\\\/\\\/fredheim-maskin.no\\\/targo-2500e-zero-premierevisning-pa-oktoberdager-2023\\\/forsideartikler\\\/\",\"url\":\"https:\\\/\\\/fredheim-maskin.no\\\/targo-2500e-zero-premierevisning-pa-oktoberdager-2023\\\/forsideartikler\\\/\",\"name\":\"Targo 2500E ZERO premierevisning p\u00e5 Oktoberdager 2023 - Fredheim Maskin\",\"isPartOf\":{\"@id\":\"https:\\\/\\\/fredheim-maskin.no\\\/#website\"},\"primaryImageOfPage\":{\"@id\":\"https:\\\/\\\/fredheim-maskin.no\\\/targo-2500e-zero-premierevisning-pa-oktoberdager-2023\\\/forsideartikler\\\/#primaryimage\"},\"image\":{\"@id\":\"https:\\\/\\\/fredheim-maskin.no\\\/targo-2500e-zero-premierevisning-pa-oktoberdager-2023\\\/forsideartikler\\\/#primaryimage\"},\"thumbnailUrl\":\"https:\\\/\\\/fredheim-maskin.no\\\/wp-content\\\/uploads\\\/2023\\\/11\\\/Targo-2500E-ZERO-1.jpg\",\"datePublished\":\"2023-10-16T19:34:07+00:00\",\"dateModified\":\"2024-01-19T13:08:26+00:00\",\"author\":{\"@id\":\"https:\\\/\\\/fredheim-maskin.no\\\/#\\\/schema\\\/person\\\/4abb0c68acb512799769eaf80d997fca\"},\"breadcrumb\":{\"@id\":\"https:\\\/\\\/fredheim-maskin.no\\\/targo-2500e-zero-premierevisning-pa-oktoberdager-2023\\\/forsideartikler\\\/#breadcrumb\"},\"inLanguage\":\"sv-SE\",\"potentialAction\":[{\"@type\":\"ReadAction\",\"target\":[\"https:\\\/\\\/fredheim-maskin.no\\\/targo-2500e-zero-premierevisning-pa-oktoberdager-2023\\\/forsideartikler\\\/\"]}]},{\"@type\":\"ImageObject\",\"inLanguage\":\"sv-SE\",\"@id\":\"https:\\\/\\\/fredheim-maskin.no\\\/targo-2500e-zero-premierevisning-pa-oktoberdager-2023\\\/forsideartikler\\\/#primaryimage\",\"url\":\"https:\\\/\\\/fredheim-maskin.no\\\/wp-content\\\/uploads\\\/2023\\\/11\\\/Targo-2500E-ZERO-1.jpg\",\"contentUrl\":\"https:\\\/\\\/fredheim-maskin.no\\\/wp-content\\\/uploads\\\/2023\\\/11\\\/Targo-2500E-ZERO-1.jpg\",\"width\":1024,\"height\":682},{\"@type\":\"BreadcrumbList\",\"@id\":\"https:\\\/\\\/fredheim-maskin.no\\\/targo-2500e-zero-premierevisning-pa-oktoberdager-2023\\\/forsideartikler\\\/#breadcrumb\",\"itemListElement\":[{\"@type\":\"ListItem\",\"position\":1,\"name\":\"Hjem\",\"item\":\"https:\\\/\\\/fredheim-maskin.no\\\/\"},{\"@type\":\"ListItem\",\"position\":2,\"name\":\"Targo 2500E ZERO premierevisning p\u00e5 Oktoberdager 2023\"}]},{\"@type\":\"WebSite\",\"@id\":\"https:\\\/\\\/fredheim-maskin.no\\\/#website\",\"url\":\"https:\\\/\\\/fredheim-maskin.no\\\/\",\"name\":\"Fredheim Maskin\",\"description\":\"\",\"potentialAction\":[{\"@type\":\"SearchAction\",\"target\":{\"@type\":\"EntryPoint\",\"urlTemplate\":\"https:\\\/\\\/fredheim-maskin.no\\\/?s={search_term_string}\"},\"query-input\":{\"@type\":\"PropertyValueSpecification\",\"valueRequired\":true,\"valueName\":\"search_term_string\"}}],\"inLanguage\":\"sv-SE\"},{\"@type\":\"Person\",\"@id\":\"https:\\\/\\\/fredheim-maskin.no\\\/#\\\/schema\\\/person\\\/4abb0c68acb512799769eaf80d997fca\",\"name\":\"Gerjan W\",\"image\":{\"@type\":\"ImageObject\",\"inLanguage\":\"sv-SE\",\"@id\":\"https:\\\/\\\/secure.gravatar.com\\\/avatar\\\/14e7c8f24f0bfea14b67afdb4b7bfae19ee703db129a83f5ef321279c2652d94?s=96&d=mm&r=g\",\"url\":\"https:\\\/\\\/secure.gravatar.com\\\/avatar\\\/14e7c8f24f0bfea14b67afdb4b7bfae19ee703db129a83f5ef321279c2652d94?s=96&d=mm&r=g\",\"contentUrl\":\"https:\\\/\\\/secure.gravatar.com\\\/avatar\\\/14e7c8f24f0bfea14b67afdb4b7bfae19ee703db129a83f5ef321279c2652d94?s=96&d=mm&r=g\",\"caption\":\"Gerjan W\"},\"url\":\"https:\\\/\\\/fredheim-maskin.no\\\/sv\\\/author\\\/gerjan\\\/\"}]}<\/script>\n<!-- \/ Yoast SEO plugin. -->","yoast_head_json":{"title":"Targo 2500E ZERO premierevisning p\u00e5 Oktoberdager 2023 - Fredheim Maskin","robots":{"index":"index","follow":"follow","max-snippet":"max-snippet:-1","max-image-preview":"max-image-preview:large","max-video-preview":"max-video-preview:-1"},"canonical":"https:\/\/fredheim-maskin.no\/sv\/targo-2500e-zero-premierevisning-pa-oktoberdager-2023\/forsideartikler\/","og_locale":"sv_SE","og_type":"article","og_title":"Targo 2500E ZERO premierevisning p\u00e5 Oktoberdager 2023 - Fredheim Maskin","og_description":"Under Oktoberdager viser vi verdenspremiere Neuenhauser Targo 2500E. Targo 2500E Zero er hel-elektrisk sakteg\u00e5ende grovkvern for stubber, r\u00f8tter, trevirke, hageavfall, rivningsavfall, n\u00e6ringsavfall m.m. 0-utslippsmaskin der nettstr\u00f8m er tilgjengelig. Hel-elektrisk drift [&hellip;]","og_url":"https:\/\/fredheim-maskin.no\/sv\/targo-2500e-zero-premierevisning-pa-oktoberdager-2023\/forsideartikler\/","og_site_name":"Fredheim Maskin","article_published_time":"2023-10-16T19:34:07+00:00","article_modified_time":"2024-01-19T13:08:26+00:00","og_image":[{"width":1024,"height":682,"url":"https:\/\/fredheim-maskin.no\/wp-content\/uploads\/2023\/11\/Targo-2500E-ZERO-1.jpg","type":"image\/jpeg"}],"author":"Gerjan W","twitter_card":"summary_large_image","twitter_misc":{"Skriven av":"Gerjan W","Ber\u00e4knad l\u00e4stid":"1 minut"},"schema":{"@context":"https:\/\/schema.org","@graph":[{"@type":"Article","@id":"https:\/\/fredheim-maskin.no\/targo-2500e-zero-premierevisning-pa-oktoberdager-2023\/forsideartikler\/#article","isPartOf":{"@id":"https:\/\/fredheim-maskin.no\/targo-2500e-zero-premierevisning-pa-oktoberdager-2023\/forsideartikler\/"},"author":{"name":"Gerjan W","@id":"https:\/\/fredheim-maskin.no\/#\/schema\/person\/4abb0c68acb512799769eaf80d997fca"},"headline":"Targo 2500E ZERO premierevisning p\u00e5 Oktoberdager 2023","datePublished":"2023-10-16T19:34:07+00:00","dateModified":"2024-01-19T13:08:26+00:00","mainEntityOfPage":{"@id":"https:\/\/fredheim-maskin.no\/targo-2500e-zero-premierevisning-pa-oktoberdager-2023\/forsideartikler\/"},"wordCount":265,"commentCount":0,"image":{"@id":"https:\/\/fredheim-maskin.no\/targo-2500e-zero-premierevisning-pa-oktoberdager-2023\/forsideartikler\/#primaryimage"},"thumbnailUrl":"https:\/\/fredheim-maskin.no\/wp-content\/uploads\/2023\/11\/Targo-2500E-ZERO-1.jpg","articleSection":["Firmanyheter","Forside","Forsideartikler"],"inLanguage":"sv-SE","potentialAction":[{"@type":"CommentAction","name":"Comment","target":["https:\/\/fredheim-maskin.no\/targo-2500e-zero-premierevisning-pa-oktoberdager-2023\/forsideartikler\/#respond"]}]},{"@type":"WebPage","@id":"https:\/\/fredheim-maskin.no\/targo-2500e-zero-premierevisning-pa-oktoberdager-2023\/forsideartikler\/","url":"https:\/\/fredheim-maskin.no\/targo-2500e-zero-premierevisning-pa-oktoberdager-2023\/forsideartikler\/","name":"Targo 2500E ZERO premierevisning p\u00e5 Oktoberdager 2023 - Fredheim Maskin","isPartOf":{"@id":"https:\/\/fredheim-maskin.no\/#website"},"primaryImageOfPage":{"@id":"https:\/\/fredheim-maskin.no\/targo-2500e-zero-premierevisning-pa-oktoberdager-2023\/forsideartikler\/#primaryimage"},"image":{"@id":"https:\/\/fredheim-maskin.no\/targo-2500e-zero-premierevisning-pa-oktoberdager-2023\/forsideartikler\/#primaryimage"},"thumbnailUrl":"https:\/\/fredheim-maskin.no\/wp-content\/uploads\/2023\/11\/Targo-2500E-ZERO-1.jpg","datePublished":"2023-10-16T19:34:07+00:00","dateModified":"2024-01-19T13:08:26+00:00","author":{"@id":"https:\/\/fredheim-maskin.no\/#\/schema\/person\/4abb0c68acb512799769eaf80d997fca"},"breadcrumb":{"@id":"https:\/\/fredheim-maskin.no\/targo-2500e-zero-premierevisning-pa-oktoberdager-2023\/forsideartikler\/#breadcrumb"},"inLanguage":"sv-SE","potentialAction":[{"@type":"ReadAction","target":["https:\/\/fredheim-maskin.no\/targo-2500e-zero-premierevisning-pa-oktoberdager-2023\/forsideartikler\/"]}]},{"@type":"ImageObject","inLanguage":"sv-SE","@id":"https:\/\/fredheim-maskin.no\/targo-2500e-zero-premierevisning-pa-oktoberdager-2023\/forsideartikler\/#primaryimage","url":"https:\/\/fredheim-maskin.no\/wp-content\/uploads\/2023\/11\/Targo-2500E-ZERO-1.jpg","contentUrl":"https:\/\/fredheim-maskin.no\/wp-content\/uploads\/2023\/11\/Targo-2500E-ZERO-1.jpg","width":1024,"height":682},{"@type":"BreadcrumbList","@id":"https:\/\/fredheim-maskin.no\/targo-2500e-zero-premierevisning-pa-oktoberdager-2023\/forsideartikler\/#breadcrumb","itemListElement":[{"@type":"ListItem","position":1,"name":"Hjem","item":"https:\/\/fredheim-maskin.no\/"},{"@type":"ListItem","position":2,"name":"Targo 2500E ZERO premierevisning p\u00e5 Oktoberdager 2023"}]},{"@type":"WebSite","@id":"https:\/\/fredheim-maskin.no\/#website","url":"https:\/\/fredheim-maskin.no\/","name":"Fredheim Maskin","description":"","potentialAction":[{"@type":"SearchAction","target":{"@type":"EntryPoint","urlTemplate":"https:\/\/fredheim-maskin.no\/?s={search_term_string}"},"query-input":{"@type":"PropertyValueSpecification","valueRequired":true,"valueName":"search_term_string"}}],"inLanguage":"sv-SE"},{"@type":"Person","@id":"https:\/\/fredheim-maskin.no\/#\/schema\/person\/4abb0c68acb512799769eaf80d997fca","name":"Gerjan W","image":{"@type":"ImageObject","inLanguage":"sv-SE","@id":"https:\/\/secure.gravatar.com\/avatar\/14e7c8f24f0bfea14b67afdb4b7bfae19ee703db129a83f5ef321279c2652d94?s=96&d=mm&r=g","url":"https:\/\/secure.gravatar.com\/avatar\/14e7c8f24f0bfea14b67afdb4b7bfae19ee703db129a83f5ef321279c2652d94?s=96&d=mm&r=g","contentUrl":"https:\/\/secure.gravatar.com\/avatar\/14e7c8f24f0bfea14b67afdb4b7bfae19ee703db129a83f5ef321279c2652d94?s=96&d=mm&r=g","caption":"Gerjan W"},"url":"https:\/\/fredheim-maskin.no\/sv\/author\/gerjan\/"}]}},"_links":{"self":[{"href":"https:\/\/fredheim-maskin.no\/sv\/wp-json\/wp\/v2\/posts\/14143","targetHints":{"allow":["GET"]}}],"collection":[{"href":"https:\/\/fredheim-maskin.no\/sv\/wp-json\/wp\/v2\/posts"}],"about":[{"href":"https:\/\/fredheim-maskin.no\/sv\/wp-json\/wp\/v2\/types\/post"}],"author":[{"embeddable":true,"href":"https:\/\/fredheim-maskin.no\/sv\/wp-json\/wp\/v2\/users\/6"}],"replies":[{"embeddable":true,"href":"https:\/\/fredheim-maskin.no\/sv\/wp-json\/wp\/v2\/comments?post=14143"}],"version-history":[{"count":1,"href":"https:\/\/fredheim-maskin.no\/sv\/wp-json\/wp\/v2\/posts\/14143\/revisions"}],"predecessor-version":[{"id":14144,"href":"https:\/\/fredheim-maskin.no\/sv\/wp-json\/wp\/v2\/posts\/14143\/revisions\/14144"}],"wp:featuredmedia":[{"embeddable":true,"href":"https:\/\/fredheim-maskin.no\/sv\/wp-json\/wp\/v2\/media\/2266"}],"wp:attachment":[{"href":"https:\/\/fredheim-maskin.no\/sv\/wp-json\/wp\/v2\/media?parent=14143"}],"wp:term":[{"taxonomy":"category","embeddable":true,"href":"https:\/\/fredheim-maskin.no\/sv\/wp-json\/wp\/v2\/categories?post=14143"},{"taxonomy":"post_tag","embeddable":true,"href":"https:\/\/fredheim-maskin.no\/sv\/wp-json\/wp\/v2\/tags?post=14143"}],"curies":[{"name":"wp","href":"https:\/\/api.w.org\/{rel}","templated":true}]}}